{"id":11718,"date":"2026-04-28T08:43:30","date_gmt":"2026-04-28T12:43:30","guid":{"rendered":"https:\/\/stbnoticias.com\/?p=11718"},"modified":"2026-04-28T08:43:31","modified_gmt":"2026-04-28T12:43:31","slug":"lo-encarcelan-por-presunto-asesinato-de-su-amigo","status":"publish","type":"post","link":"https:\/\/stbnoticias.com\/index.php\/2026\/04\/28\/lo-encarcelan-por-presunto-asesinato-de-su-amigo\/","title":{"rendered":"Lo encarcelan por presunto asesinato de su amigo"},"content":{"rendered":"\n<figure class=\"wp-block-image size-full\"><img loading=\"lazy\" decoding=\"async\" width=\"980\" height=\"415\" src=\"https:\/\/stbnoticias.com\/wp-content\/uploads\/2026\/04\/75e08ef5-7389-427e-a48b-f523e5ff77de.jpg\" alt=\"\" class=\"wp-image-11719\" srcset=\"https:\/\/stbnoticias.com\/wp-content\/uploads\/2026\/04\/75e08ef5-7389-427e-a48b-f523e5ff77de.jpg 980w, https:\/\/stbnoticias.com\/wp-content\/uploads\/2026\/04\/75e08ef5-7389-427e-a48b-f523e5ff77de-300x127.jpg 300w, https:\/\/stbnoticias.com\/wp-content\/uploads\/2026\/04\/75e08ef5-7389-427e-a48b-f523e5ff77de-768x325.jpg 768w\" sizes=\"auto, (max-width: 980px) 100vw, 980px\" \/><\/figure>\n\n\n\n<p>Luego de que el s\u00e1bado por la ma\u00f1ana un sujeto diera una golpiza y provocara la muerte de un supuesto amigo, este lunes la Fiscal\u00eda confirm\u00f3 que el sospechoso ya fue imputado por presunto delito de asesinato y en su audiencia cautelar se determin\u00f3 su detenci\u00f3n preventiva en el penal de Morros Blancos.<\/p>\n\n\n\n<p>En el lugar del hecho existen c\u00e1maras de seguridad que muestran con detalle lo sucedido.<\/p>\n\n\n\n<p>Informe<\/p>\n\n\n\n<p>El reporte oficial da cuenta que el s\u00e1bado cerca de las 7.00 horas dos hombres en estado de ebriedad caminaban juntos por la avenida Domingo Paz casi O\u2019Connor. En determinado momento, surgi\u00f3 una pelea.<\/p>\n\n\n\n<p>\u201cPresuntamente regresaban de consumir bebidas alcoh\u00f3licas y se dirig\u00edan al domicilio de la v\u00edctima. Se puede observar en las c\u00e1maras que en su camino hay un leve acercamiento y luego el imputado procede a golpear al otro sujeto, en primera instancia con pu\u00f1os hasta hacerlo caer y darle patadas hasta causar su muerte\u201d, dijo el fiscal departamental, Jos\u00e9 Ernesto Mogro.<\/p>\n\n\n\n<p>La autopsia revel\u00f3 que la causa de la muerte fue un trauma enc\u00e9falo craneal grave y m\u00faltiples fracturas en el cr\u00e1neo.<\/p>\n\n\n\n<p>Con estos elementos se formaliz\u00f3 la imputaci\u00f3n contra el sindicado, quien fue capturado instantes despu\u00e9s del hecho, gracias a cooperaci\u00f3n de los vecinos que le siguieron el rastro cuando trataba de escapar.<\/p>\n\n\n\n<p>El hombre ya fue sometido a una audiencia cautelar, donde se demostr\u00f3 su probabilidad de autor\u00eda y riesgos procesales. Esto amerit\u00f3 su detenci\u00f3n preventiva mientras transcurre la investigaci\u00f3n.<\/p>\n\n\n\n<p>\u201cCreemos que el imputado ha subsumido su conducta a tipo penal de asesinato, puesto que ha actuado bajo alevos\u00eda y premeditaci\u00f3n, sin reparo en que la v\u00edctima se encontraba en el suelo y ya reducida, hasta con m\u00e1s violencia\u201d.<\/p>\n","protected":false},"excerpt":{"rendered":"<p>Luego de que el s\u00e1bado por la ma\u00f1ana un sujeto diera una golpiza y provocara la muerte de un supuesto amigo, este lunes la Fiscal\u00eda confirm\u00f3 que el sospechoso ya fue imputado por presunto delito de asesinato y en su audiencia cautelar se determin\u00f3 su detenci\u00f3n preventiva en el penal de Morros Blancos. En el [&hellip;]<\/p>\n","protected":false},"author":1,"featured_media":0,"comment_status":"closed","ping_status":"closed","sticky":false,"template":"","format":"standard","meta":{"fifu_image_url":"","fifu_image_alt":"","footnotes":""},"categories":[23],"tags":[],"class_list":["post-11718","post","type-post","status-publish","format-standard","hentry","category-tarija"],"_links":{"self":[{"href":"https:\/\/stbnoticias.com\/index.php\/wp-json\/wp\/v2\/posts\/11718","targetHints":{"allow":["GET"]}}],"collection":[{"href":"https:\/\/stbnoticias.com\/index.php\/wp-json\/wp\/v2\/posts"}],"about":[{"href":"https:\/\/stbnoticias.com\/index.php\/wp-json\/wp\/v2\/types\/post"}],"author":[{"embeddable":true,"href":"https:\/\/stbnoticias.com\/index.php\/wp-json\/wp\/v2\/users\/1"}],"replies":[{"embeddable":true,"href":"https:\/\/stbnoticias.com\/index.php\/wp-json\/wp\/v2\/comments?post=11718"}],"version-history":[{"count":1,"href":"https:\/\/stbnoticias.com\/index.php\/wp-json\/wp\/v2\/posts\/11718\/revisions"}],"predecessor-version":[{"id":11720,"href":"https:\/\/stbnoticias.com\/index.php\/wp-json\/wp\/v2\/posts\/11718\/revisions\/11720"}],"wp:attachment":[{"href":"https:\/\/stbnoticias.com\/index.php\/wp-json\/wp\/v2\/media?parent=11718"}],"wp:term":[{"taxonomy":"category","embeddable":true,"href":"https:\/\/stbnoticias.com\/index.php\/wp-json\/wp\/v2\/categories?post=11718"},{"taxonomy":"post_tag","embeddable":true,"href":"https:\/\/stbnoticias.com\/index.php\/wp-json\/wp\/v2\/tags?post=11718"}],"curies":[{"name":"wp","href":"https:\/\/api.w.org\/{rel}","templated":true}]}}