{"id":11725,"date":"2026-04-29T15:50:00","date_gmt":"2026-04-29T19:50:00","guid":{"rendered":"https:\/\/stbnoticias.com\/index.php\/2026\/04\/29\/hijo-mata-a-padre-en-montero-intento-encubrirlo-con-falso-robo\/"},"modified":"2026-04-29T15:50:00","modified_gmt":"2026-04-29T19:50:00","slug":"hijo-mata-a-padre-en-montero-intento-encubrirlo-con-falso-robo","status":"publish","type":"post","link":"https:\/\/stbnoticias.com\/index.php\/2026\/04\/29\/hijo-mata-a-padre-en-montero-intento-encubrirlo-con-falso-robo\/","title":{"rendered":"Hijo mata a padre en Montero: Intento encubrirlo con falso robo"},"content":{"rendered":"<p>La Fiscal\u00eda investiga el parricidio en Montero, donde un hijo apu\u00f1al\u00f3 a su padre tras un altercado familiar.<\/p>\n<figure class=\"wp-block-image\"><img decoding=\"async\" src=\"https:\/\/hub.idealabgroup.com\/public\/uploads\/img_bb0d10705debbf1d1a8256fa2a87f92b11bb3d2d.webp\" alt=\"Hijo acab\u00f3 con la vida de su padre a apu\u00f1aladas.\"\/><figcaption>Hijo acab\u00f3 con la vida de su padre a apu\u00f1aladas.<\/figcaption><\/figure>\n<p>La Fiscal\u00eda abri\u00f3 una investigaci\u00f3n por el delito de&nbsp;parricidio&nbsp;tras confirmarse la muerte de un hombre en su vivienda en el municipio de Montero, Santa Cruz. El principal acusado es su hijo, quien tiene entre 20 y 26 a\u00f1os, y se presume que lo apu\u00f1al\u00f3 varias veces.<\/p>\n<p>Seg\u00fan el informe del Ministerio P\u00fablico, el acusado intent\u00f3 encubrir el crimen denunciando un supuesto robo en su hogar. El reporte policial indica que el acusado se\u00f1al\u00f3 tener problemas familiares con su padre y asegur\u00f3 no sentirse comprendido. Tras un altercado, presuntamente atac\u00f3 a su padre con un arma punzocortante.<\/p>\n<p>En la vivienda estaban presentes tres personas: la v\u00edctima y dos de sus hijos. La hermana del agresor, quien tambi\u00e9n es hija del hombre victimado, proporcion\u00f3 detalles a la Polic\u00eda y Fiscal\u00eda que evidenciaron la falsa denuncia presentada por su hermano.<\/p>\n<p>El fiscal Carlos Candia declar\u00f3: \u201c\u00c9l (el hijo) para encubrir este hecho, se apersona a la Felcc y denuncia un presunto robo. El hecho ocurri\u00f3 aproximadamente a las 03:00 horas de hoy d\u00eda (mi\u00e9rcoles). El se\u00f1or ha fallecido de manera instant\u00e1nea por heridas penetrantes de arma blanca\u201d. Adem\u00e1s, indic\u00f3 que \u201cse trata de un arma blanca grande, un cuchillo, y le caus\u00f3 varias heridas penetrantes; el se\u00f1or (la v\u00edctima) se desangr\u00f3 y la causa de la muerte es producto de las heridas\u201d.<\/p>\n<p>El fiscal tambi\u00e9n mencion\u00f3 que entre el padre y el hijo exist\u00edan constantes discusiones. \u201cEst\u00e1 sobrio (el acusado), aparentemente hab\u00eda ya discusiones entre padre e hijo y esto, lamentablemente, acab\u00f3 con la vida del se\u00f1or\u201d, agreg\u00f3.<\/p>\n<p>De acuerdo a los datos recabados, el cuerpo del hombre victimado fue trasladado a la morgue judicial para realizarle una autopsia y determinar cu\u00e1ntas heridas le propin\u00f3 su hijo. La v\u00edctima ten\u00eda 55 a\u00f1os y era prestamista. Por otro lado, el hijo agresor se encuentra aprehendido y ser\u00e1 puesto a disposici\u00f3n de la autoridad judicial para definir su situaci\u00f3n legal.<\/p>\n<p>La investigaci\u00f3n contin\u00faa en curso para esclarecer los m\u00f3viles del crimen. Seg\u00fan las declaraciones iniciales, no se sustrajo dinero durante el ataque. \u201cEstamos por tomar reci\u00e9n declaraciones testificales para ver bien c\u00f3mo fueron los m\u00f3viles\u201d, concluy\u00f3 Candia.<\/p>","protected":false},"excerpt":{"rendered":"<p>La Fiscal\u00eda investiga el parricidio en Montero, donde un hijo apu\u00f1al\u00f3 a su padre tras un altercado familiar. La Fiscal\u00eda abri\u00f3 una investigaci\u00f3n por el delito de&nbsp;parricidio&nbsp;tras confirmarse la muerte de un hombre en su vivienda en el municipio de Montero, Santa Cruz. El principal acusado es su hijo, quien tiene entre 20 y 26 [&hellip;]<\/p>\n","protected":false},"author":1,"featured_media":11726,"comment_status":"","ping_status":"","sticky":false,"template":"","format":"standard","meta":{"fifu_image_url":"https:\/\/hub.idealabgroup.com\/public\/uploads\/img_bb0d10705debbf1d1a8256fa2a87f92b11bb3d2d.webp","fifu_image_alt":"","footnotes":""},"categories":[43],"tags":[],"class_list":["post-11725","post","type-post","status-publish","format-standard","has-post-thumbnail","hentry","category-santa-cruz"],"_links":{"self":[{"href":"https:\/\/stbnoticias.com\/index.php\/wp-json\/wp\/v2\/posts\/11725","targetHints":{"allow":["GET"]}}],"collection":[{"href":"https:\/\/stbnoticias.com\/index.php\/wp-json\/wp\/v2\/posts"}],"about":[{"href":"https:\/\/stbnoticias.com\/index.php\/wp-json\/wp\/v2\/types\/post"}],"author":[{"embeddable":true,"href":"https:\/\/stbnoticias.com\/index.php\/wp-json\/wp\/v2\/users\/1"}],"replies":[{"embeddable":true,"href":"https:\/\/stbnoticias.com\/index.php\/wp-json\/wp\/v2\/comments?post=11725"}],"version-history":[{"count":0,"href":"https:\/\/stbnoticias.com\/index.php\/wp-json\/wp\/v2\/posts\/11725\/revisions"}],"wp:featuredmedia":[{"embeddable":true,"href":"https:\/\/stbnoticias.com\/index.php\/wp-json\/wp\/v2\/media\/11726"}],"wp:attachment":[{"href":"https:\/\/stbnoticias.com\/index.php\/wp-json\/wp\/v2\/media?parent=11725"}],"wp:term":[{"taxonomy":"category","embeddable":true,"href":"https:\/\/stbnoticias.com\/index.php\/wp-json\/wp\/v2\/categories?post=11725"},{"taxonomy":"post_tag","embeddable":true,"href":"https:\/\/stbnoticias.com\/index.php\/wp-json\/wp\/v2\/tags?post=11725"}],"curies":[{"name":"wp","href":"https:\/\/api.w.org\/{rel}","templated":true}]}}