{"id":11727,"date":"2026-04-29T20:10:00","date_gmt":"2026-04-30T00:10:00","guid":{"rendered":"https:\/\/stbnoticias.com\/index.php\/2026\/04\/29\/ministerio-de-trabajo-dispone-feriado-nacional-este-viernes-1-de-mayo\/"},"modified":"2026-04-29T20:10:00","modified_gmt":"2026-04-30T00:10:00","slug":"ministerio-de-trabajo-dispone-feriado-nacional-este-viernes-1-de-mayo","status":"publish","type":"post","link":"https:\/\/stbnoticias.com\/index.php\/2026\/04\/29\/ministerio-de-trabajo-dispone-feriado-nacional-este-viernes-1-de-mayo\/","title":{"rendered":"Ministerio de Trabajo dispone feriado nacional este viernes 1 de mayo"},"content":{"rendered":"<p>La medida alcanza a sectores p\u00fablico y privado, y convierte el viernes en una ocasi\u00f3n para promover viajes dentro del pa\u00eds.<\/p>\n<figure class=\"wp-block-image\"><img decoding=\"async\" src=\"https:\/\/hub.idealabgroup.com\/public\/uploads\/img_4656296ac9b6f991420144fa42ace0ebdd57bfba.webp\" alt=\"Imagen referencial del trabajador boliviano.\"\/><figcaption>Imagen referencial del trabajador boliviano.<\/figcaption><\/figure>\n<p>&nbsp;<\/p>\n<p>A trav\u00e9s de un comunicado,&nbsp;el Ministerio de Trabajo, Empleo y Previsi\u00f3n Social record\u00f3 que el viernes 1 de mayo se constituye en feriado nacional,&nbsp;con suspensi\u00f3n de actividades p\u00fablicas y privadas en todo el territorio nacional.<\/p>\n<p>\u201cEn cumplimiento del par\u00e1grafo II del art\u00edculo \u00fanico de la Ley 274 del 10 de septiembre de 2012, que declara el 1 de mayo de cada gesti\u00f3n como \u2018D\u00eda del Trabajo\u2019, el Ministerio de Trabajo recuerda a la ciudadan\u00eda que el viernes 1 de mayo se constituye feriado nacional, con suspensi\u00f3n de actividades p\u00fablicas y privadas\u201d, indic\u00f3 parte del comunicado.<\/p>\n<p>A prop\u00f3sito de este feriado que engancha con el fin de semana,&nbsp;el Ministerio de Turismo Sostenible, Culturas, Folklore y Gastronom\u00eda puso en vitrina destinos que van desde la inmensidad del Salar de Uyuni hasta la selva amaz\u00f3nica&nbsp;y las alturas imponentes del altiplano, con un llamado a redescubrir la diversidad de Bolivia.<\/p>\n<p>\u201cSe acercan d\u00edas para desconectarte, cambiar de aire y conocer tu pa\u00eds. Muy pronto tendr\u00e1s la excusa perfecta para hacerlo. Este feriado del 1 de mayo y el fin de semana largo del 2 y 3, haz una pausa y cambia de aire. Te mereces un descanso, \u00a1viaja!\u201d, destaca el ministerio en sus redes sociales, donde difundi\u00f3 el mensaje acompa\u00f1ado de videos sobre los atractivos de Bolivia.<\/p>\n<p>Las autoridades nacionales destacaron destinos cruce\u00f1os como Samaipata, el Parque Nacional Ambor\u00f3 y el sitio arqueol\u00f3gico El Fuerte;&nbsp;el Jard\u00edn de las Delicias, en El Torno, con cascadas y aguas cristalinas; y Robor\u00e9, conocido como el \u201cPara\u00edso Escondido\u201d, ideal para explorar las misiones jesu\u00edticas y la riqueza natural del oriente.<\/p>","protected":false},"excerpt":{"rendered":"<p>La medida alcanza a sectores p\u00fablico y privado, y convierte el viernes en una ocasi\u00f3n para promover viajes dentro del pa\u00eds. &nbsp; A trav\u00e9s de un comunicado,&nbsp;el Ministerio de Trabajo, Empleo y Previsi\u00f3n Social record\u00f3 que el viernes 1 de mayo se constituye en feriado nacional,&nbsp;con suspensi\u00f3n de actividades p\u00fablicas y privadas en todo el [&hellip;]<\/p>\n","protected":false},"author":1,"featured_media":11728,"comment_status":"","ping_status":"","sticky":false,"template":"","format":"standard","meta":{"fifu_image_url":"https:\/\/hub.idealabgroup.com\/public\/uploads\/img_4656296ac9b6f991420144fa42ace0ebdd57bfba.webp","fifu_image_alt":"","footnotes":""},"categories":[22],"tags":[],"class_list":["post-11727","post","type-post","status-publish","format-standard","has-post-thumbnail","hentry","category-bolivia"],"_links":{"self":[{"href":"https:\/\/stbnoticias.com\/index.php\/wp-json\/wp\/v2\/posts\/11727","targetHints":{"allow":["GET"]}}],"collection":[{"href":"https:\/\/stbnoticias.com\/index.php\/wp-json\/wp\/v2\/posts"}],"about":[{"href":"https:\/\/stbnoticias.com\/index.php\/wp-json\/wp\/v2\/types\/post"}],"author":[{"embeddable":true,"href":"https:\/\/stbnoticias.com\/index.php\/wp-json\/wp\/v2\/users\/1"}],"replies":[{"embeddable":true,"href":"https:\/\/stbnoticias.com\/index.php\/wp-json\/wp\/v2\/comments?post=11727"}],"version-history":[{"count":0,"href":"https:\/\/stbnoticias.com\/index.php\/wp-json\/wp\/v2\/posts\/11727\/revisions"}],"wp:featuredmedia":[{"embeddable":true,"href":"https:\/\/stbnoticias.com\/index.php\/wp-json\/wp\/v2\/media\/11728"}],"wp:attachment":[{"href":"https:\/\/stbnoticias.com\/index.php\/wp-json\/wp\/v2\/media?parent=11727"}],"wp:term":[{"taxonomy":"category","embeddable":true,"href":"https:\/\/stbnoticias.com\/index.php\/wp-json\/wp\/v2\/categories?post=11727"},{"taxonomy":"post_tag","embeddable":true,"href":"https:\/\/stbnoticias.com\/index.php\/wp-json\/wp\/v2\/tags?post=11727"}],"curies":[{"name":"wp","href":"https:\/\/api.w.org\/{rel}","templated":true}]}}