{"id":11729,"date":"2026-04-29T21:13:00","date_gmt":"2026-04-30T01:13:00","guid":{"rendered":"https:\/\/stbnoticias.com\/index.php\/2026\/04\/29\/rodriguez-veltze-presenta-esta-noche-en-sucre-50-propuestas-de-reforma-para-la-constitucion\/"},"modified":"2026-04-29T21:13:00","modified_gmt":"2026-04-30T01:13:00","slug":"rodriguez-veltze-presenta-esta-noche-en-sucre-50-propuestas-de-reforma-para-la-constitucion","status":"publish","type":"post","link":"https:\/\/stbnoticias.com\/index.php\/2026\/04\/29\/rodriguez-veltze-presenta-esta-noche-en-sucre-50-propuestas-de-reforma-para-la-constitucion\/","title":{"rendered":"Rodr\u00edguez Veltz\u00e9 presenta esta noche, en Sucre, \u201c50 propuestas de reforma\u201d para la Constituci\u00f3n"},"content":{"rendered":"<p>El expresidente y coordinador del libro remarca que no buscan una convocatoria inmediata a una asamblea o refer\u00e9ndum, sino ser una semilla<\/p>\n<figure class=\"wp-block-image\"><img decoding=\"async\" src=\"https:\/\/hub.idealabgroup.com\/public\/uploads\/img_87eda0eed87e183b34b70525b0fb02c0544cc50a.webp\" alt=\"Eduardo Rodr\u00edguez Veltz\u00e9\"\/><figcaption>Eduardo Rodr\u00edguez Veltz\u00e9<\/figcaption><\/figure>\n<p>Sucre acoge este mi\u00e9rcoles un debate jur\u00eddico y pol\u00edtico con la presentaci\u00f3n del libro \u201cRazones p\u00fablicas y cambio constitucional: 50 propuestas de reforma en Bolivia\u201d, una obra coordinada por el expresidente Eduardo Rodr\u00edguez Veltz\u00e9.&nbsp;<\/p>\n<p>El acto est\u00e1 programado para las 19:00 de este mi\u00e9rcoles 29 de abril, en el Auditorio del Archivo y Biblioteca Nacionales de Bolivia (ABNB), donde participar\u00e1n del panel Rodr\u00edguez Farit Rojas, Patricia Serrudo, Alan Vargas y Magal\u00ed Copa<\/p>\n<p>El texto, que cuenta con el respaldo de la Fundaci\u00f3n Friedrich Ebert (FES), ya fue presentado en otras capitales; recoge las reflexiones de medio centenar de intelectuales que exploran \u00e1reas cr\u00edticas como el presidencialismo, la independencia judicial y el r\u00e9gimen econ\u00f3mico.&nbsp;<\/p>\n<p>Seg\u00fan el exmandatario, estas iniciativas no representan una convocatoria inmediata a una asamblea o refer\u00e9ndum, sino que funcionan como una \u201csemilla\u201d para activar una deliberaci\u00f3n democr\u00e1tica necesaria ante las disfuncionalidades institucionales que Bolivia ha atravesado en los \u00faltimos a\u00f1os.<\/p>\n<p>En una entrevista concedida a CORREO DEL SUR, Rodr\u00edguez Veltz\u00e9 sostuvo que el an\u00e1lisis de las normas que rigen la convivencia nacional debe ser un proceso permanente y ciudadano.<\/p>\n<p>\u201cLa Constituci\u00f3n siempre est\u00e1 en construcci\u00f3n, en evaluaci\u00f3n y creo que es una prerrogativa de cada ciudadano saber si las leyes que nos gobiernan y que contribuyen a una convivencia pac\u00edfica, arm\u00f3nica y con instituciones razonables, es la mejor; de manera que el tiempo constituyente siempre est\u00e1 vigente\u201d, respondi\u00f3, a la consulta de si es pertinente hablar de una reforma constitucional en la actual coyuntura.<\/p>\n<p>Tras la presentaci\u00f3n, este jueves 30, se llevar\u00e1 adelante el conversatorio \u201c\u00bfReformar la Constituci\u00f3n? \u00bfQu\u00e9 reformar? \u00bfC\u00f3mo?\u201d, a las 10:30, en el Sal\u00f3n Auditorio de la Universidad Andina Sim\u00f3n Bol\u00edvar.<\/p>","protected":false},"excerpt":{"rendered":"<p>El expresidente y coordinador del libro remarca que no buscan una convocatoria inmediata a una asamblea o refer\u00e9ndum, sino ser una semilla Sucre acoge este mi\u00e9rcoles un debate jur\u00eddico y pol\u00edtico con la presentaci\u00f3n del libro \u201cRazones p\u00fablicas y cambio constitucional: 50 propuestas de reforma en Bolivia\u201d, una obra coordinada por el expresidente Eduardo Rodr\u00edguez [&hellip;]<\/p>\n","protected":false},"author":1,"featured_media":11730,"comment_status":"","ping_status":"","sticky":false,"template":"","format":"standard","meta":{"fifu_image_url":"https:\/\/hub.idealabgroup.com\/public\/uploads\/img_87eda0eed87e183b34b70525b0fb02c0544cc50a.webp","fifu_image_alt":"","footnotes":""},"categories":[49],"tags":[],"class_list":["post-11729","post","type-post","status-publish","format-standard","has-post-thumbnail","hentry","category-sucre"],"_links":{"self":[{"href":"https:\/\/stbnoticias.com\/index.php\/wp-json\/wp\/v2\/posts\/11729","targetHints":{"allow":["GET"]}}],"collection":[{"href":"https:\/\/stbnoticias.com\/index.php\/wp-json\/wp\/v2\/posts"}],"about":[{"href":"https:\/\/stbnoticias.com\/index.php\/wp-json\/wp\/v2\/types\/post"}],"author":[{"embeddable":true,"href":"https:\/\/stbnoticias.com\/index.php\/wp-json\/wp\/v2\/users\/1"}],"replies":[{"embeddable":true,"href":"https:\/\/stbnoticias.com\/index.php\/wp-json\/wp\/v2\/comments?post=11729"}],"version-history":[{"count":0,"href":"https:\/\/stbnoticias.com\/index.php\/wp-json\/wp\/v2\/posts\/11729\/revisions"}],"wp:featuredmedia":[{"embeddable":true,"href":"https:\/\/stbnoticias.com\/index.php\/wp-json\/wp\/v2\/media\/11730"}],"wp:attachment":[{"href":"https:\/\/stbnoticias.com\/index.php\/wp-json\/wp\/v2\/media?parent=11729"}],"wp:term":[{"taxonomy":"category","embeddable":true,"href":"https:\/\/stbnoticias.com\/index.php\/wp-json\/wp\/v2\/categories?post=11729"},{"taxonomy":"post_tag","embeddable":true,"href":"https:\/\/stbnoticias.com\/index.php\/wp-json\/wp\/v2\/tags?post=11729"}],"curies":[{"name":"wp","href":"https:\/\/api.w.org\/{rel}","templated":true}]}}