{"id":11735,"date":"2026-04-30T22:06:00","date_gmt":"2026-05-01T02:06:00","guid":{"rendered":"https:\/\/stbnoticias.com\/index.php\/2026\/04\/30\/eva-copa-se-quiebra-al-hablar-de-su-futuro-y-anuncia-que-se-aleja-de-la-politica\/"},"modified":"2026-04-30T22:06:00","modified_gmt":"2026-05-01T02:06:00","slug":"eva-copa-se-quiebra-al-hablar-de-su-futuro-y-anuncia-que-se-aleja-de-la-politica","status":"publish","type":"post","link":"https:\/\/stbnoticias.com\/index.php\/2026\/04\/30\/eva-copa-se-quiebra-al-hablar-de-su-futuro-y-anuncia-que-se-aleja-de-la-politica\/","title":{"rendered":"Eva Copa se quiebra al hablar de su futuro y anuncia que se aleja de la pol\u00edtica"},"content":{"rendered":"<p>Con un firme y repetido \u201cNo\u201d, la alcaldesa de El Alto, Eva Copa, respondi\u00f3 cuando fue consultada sobre si continuar\u00e1 en la vida pol\u00edtica una vez concluida su gesti\u00f3n. Sin embargo, al ser preguntada por su futuro personal, la autoridad no pudo contener las l\u00e1grimas y reconoci\u00f3 que atraviesa un momento dif\u00edcil en el \u00e1mbito familiar.<\/p>\n<figure class=\"wp-block-image\"><img decoding=\"async\" src=\"https:\/\/hub.idealabgroup.com\/public\/uploads\/img_a619074df6681e008d3f27f50796ef85ee4c2f37.webp\" alt=\"Eva Copa rompe en llanto\"\/><figcaption>Eva Copa rompe en llanto<\/figcaption><\/figure>\n<p>Entre sollozos, Copa se\u00f1al\u00f3 que quisiera explicar muchas cosas, pero que actualmente no se encuentra bien emocionalmente debido a la situaci\u00f3n que vive con su familia. Lament\u00f3 adem\u00e1s que muchas personas hayan convertido su vida privada en motivo de comentarios, burlas y especulaciones.<\/p>\n<p>\u201cUna cosa es mi vida privada y otra mi vida como autoridad\u201d, expres\u00f3, cuestionando que se haya hecho escarnio p\u00fablico sobre temas personales.<\/p>\n<p>Eva Copa asumi\u00f3 como alcaldesa de El Alto el 3 de mayo de 2021. Este domingo se cumplen cinco a\u00f1os de gesti\u00f3n, periodo establecido por la Constituci\u00f3n Pol\u00edtica del Estado para las autoridades municipales.<\/p>\n<p>La autoridad alte\u00f1a volvi\u00f3 a estar en el centro de la pol\u00e9mica luego de que, durante la madrugada del s\u00e1bado 25 de abril, su vivienda fuera asaltada. Sin embargo, seg\u00fan lament\u00f3, la atenci\u00f3n p\u00fablica no se concentr\u00f3 en el delito, sino en los objetos que habr\u00edan sido sustra\u00eddos del inmueble.<\/p>\n<p>Desde entonces, Copa fue blanco de memes, cr\u00edticas y cuestionamientos en redes sociales, donde se difundieron comparaciones entre fotograf\u00edas antiguas y actuales, adem\u00e1s de denuncias relacionadas con su administraci\u00f3n. La alcaldesa acudi\u00f3 a la Polic\u00eda para presentar la denuncia correspondiente y aclar\u00f3 que los bienes sustra\u00eddos no le pertenec\u00edan a ella, sino a su pareja sentimental.<\/p>\n<p>La autoridad tambi\u00e9n revel\u00f3 que su beb\u00e9 naci\u00f3 hace dos semanas, por lo que actualmente debe dividir su tiempo entre la maternidad, las denuncias y el cierre de su gesti\u00f3n municipal, situaci\u00f3n que, seg\u00fan dijo, ha incrementado la presi\u00f3n personal que atraviesa.<\/p>\n<p>Copa envi\u00f3 un mensaje a gobernadoras, alcaldesas y concejalas, pidi\u00e9ndoles que se mantengan firmes ante la intimidaci\u00f3n y la violencia pol\u00edtica. Adem\u00e1s, pidi\u00f3 que las instituciones encargadas de proteger a las mujeres act\u00faen de manera efectiva y no se queden solo en discursos.<\/p>\n<p>Finalmente, adelant\u00f3 que los delegados departamentales de su organizaci\u00f3n pol\u00edtica, Morena, asumir\u00e1n la conducci\u00f3n correspondiente, mientras ella da un paso al costado y decide permanecer junto a su madre.<\/p>","protected":false},"excerpt":{"rendered":"<p>Con un firme y repetido \u201cNo\u201d, la alcaldesa de El Alto, Eva Copa, respondi\u00f3 cuando fue consultada sobre si continuar\u00e1 en la vida pol\u00edtica una vez concluida su gesti\u00f3n. Sin embargo, al ser preguntada por su futuro personal, la autoridad no pudo contener las l\u00e1grimas y reconoci\u00f3 que atraviesa un momento dif\u00edcil en el \u00e1mbito [&hellip;]<\/p>\n","protected":false},"author":1,"featured_media":11736,"comment_status":"","ping_status":"","sticky":false,"template":"","format":"standard","meta":{"fifu_image_url":"https:\/\/hub.idealabgroup.com\/public\/uploads\/img_a619074df6681e008d3f27f50796ef85ee4c2f37.webp","fifu_image_alt":"","footnotes":""},"categories":[22],"tags":[],"class_list":["post-11735","post","type-post","status-publish","format-standard","has-post-thumbnail","hentry","category-bolivia"],"_links":{"self":[{"href":"https:\/\/stbnoticias.com\/index.php\/wp-json\/wp\/v2\/posts\/11735","targetHints":{"allow":["GET"]}}],"collection":[{"href":"https:\/\/stbnoticias.com\/index.php\/wp-json\/wp\/v2\/posts"}],"about":[{"href":"https:\/\/stbnoticias.com\/index.php\/wp-json\/wp\/v2\/types\/post"}],"author":[{"embeddable":true,"href":"https:\/\/stbnoticias.com\/index.php\/wp-json\/wp\/v2\/users\/1"}],"replies":[{"embeddable":true,"href":"https:\/\/stbnoticias.com\/index.php\/wp-json\/wp\/v2\/comments?post=11735"}],"version-history":[{"count":0,"href":"https:\/\/stbnoticias.com\/index.php\/wp-json\/wp\/v2\/posts\/11735\/revisions"}],"wp:featuredmedia":[{"embeddable":true,"href":"https:\/\/stbnoticias.com\/index.php\/wp-json\/wp\/v2\/media\/11736"}],"wp:attachment":[{"href":"https:\/\/stbnoticias.com\/index.php\/wp-json\/wp\/v2\/media?parent=11735"}],"wp:term":[{"taxonomy":"category","embeddable":true,"href":"https:\/\/stbnoticias.com\/index.php\/wp-json\/wp\/v2\/categories?post=11735"},{"taxonomy":"post_tag","embeddable":true,"href":"https:\/\/stbnoticias.com\/index.php\/wp-json\/wp\/v2\/tags?post=11735"}],"curies":[{"name":"wp","href":"https:\/\/api.w.org\/{rel}","templated":true}]}}