{"id":11737,"date":"2026-04-30T22:02:00","date_gmt":"2026-05-01T02:02:00","guid":{"rendered":"https:\/\/stbnoticias.com\/index.php\/2026\/04\/30\/maria-rene-alvarez-es-elegida-como-presidenta-de-la-asamblea-legislativa-departamental\/"},"modified":"2026-04-30T22:02:00","modified_gmt":"2026-05-01T02:02:00","slug":"maria-rene-alvarez-es-elegida-como-presidenta-de-la-asamblea-legislativa-departamental","status":"publish","type":"post","link":"https:\/\/stbnoticias.com\/index.php\/2026\/04\/30\/maria-rene-alvarez-es-elegida-como-presidenta-de-la-asamblea-legislativa-departamental\/","title":{"rendered":"Mar\u00eda Ren\u00e9 \u00c1lvarez es elegida como presidenta de la Asamblea Legislativa Departamental"},"content":{"rendered":"<figure class=\"wp-block-image\"><img decoding=\"async\" src=\"https:\/\/hub.idealabgroup.com\/public\/uploads\/img_74240a70259a47769468d0a080f84a4f534d734c.webp\" alt=\"\"\/><\/figure>\n<p>La asamble\u00edsta de Libre Mar\u00eda Ren\u00e9 \u00c1lvarez fue electa este jueves como presidenta de la Asamblea Legislativa Departamental para la gesti\u00f3n 2026 a 2027.&nbsp;La \u00abjaguar chiquitana\u00bb afirm\u00f3 que un nuevo tiempo con autonom\u00eda y libertad comienza para Santa Cruz.&nbsp;La exdiputada representante de la Chiquitania, recibi\u00f3 el apoyo de la bancada mayoritaria de la alianza Libre y ser\u00e1 quien dirija el ente legislativo cruce\u00f1o que acompa\u00f1ar\u00e1 la gesti\u00f3n del gobernador Juan Pablo Velasco.&nbsp;<\/p>\n<p>\u00abHoy inicia un nuevo tiempo para Santa Cruz, con mayor autonom\u00eda y libertad para decidir el destino de los cruce\u00f1os y vamos a trabajar desde este parlamento de la cruce\u00f1idad para darle a nuestro departamento un mejor futuro\u00bb, manifest\u00f3 \u00c1lvarez.&nbsp;<\/p>\n<p>\u00c1lvarez es una joven pol\u00edtica orgullosa de su herencia chiquitana y por ello siempre lleva y luce los s\u00edmbolos de su tierra, con profunda fe cat\u00f3lica y que sabe desarrollarse en armon\u00eda con el medio ambiente.&nbsp;La asamble\u00edsta, conocida como la \u00abjaguar chiquitana\u00bb, por su procedencia de San Ignacio de Velasco, tiene una amplia trayectoria en la defensa del medio ambiente, el territorio y los derechos de los pueblos ind\u00edgenas de tierras bajas. Durante sus cinco a\u00f1os de gesti\u00f3n como diputada nacional denunci\u00f3 los avasallamientos de tierras en Santa Cruz y revel\u00f3 la existencia de una mafia organizada entre el Gobierno del MAS y sus grupos afines como los denominados interculturales.<\/p>\n<p>En su labor legislativa tambi\u00e9n pidi\u00f3 que se abroguen las leyes incendiaras, como la Ley 741 que desde 2015 permite las quemas indiscriminadas de bosques y que en 2024 lleg\u00f3 a consumir m\u00e1s de 12 millones de hect\u00e1reas, en el peor desastre ambiental que vivi\u00f3 el pa\u00eds.<\/p>\n<p>Entre sus logros de gesti\u00f3n parlamentaria est\u00e1 la paralizaci\u00f3n de las actividades mineras en el AMNI San Mat\u00edas, mediante una demanda cautelar ambiental.&nbsp;Impuls\u00f3 la conformaci\u00f3n del Comit\u00e9 Interinstitucional para la protecci\u00f3n del Bajo Paragu\u00e1, as\u00ed como una Acci\u00f3n de Cumplimiento para que la Alcald\u00eda de San Ignacio de Velasco active los mecanismos legales para evitar avasallamientos en esa regi\u00f3n.<\/p>\n<p>Tambi\u00e9n present\u00f3 una Acci\u00f3n Popular para denunciar la construcci\u00f3n de la carretera La Guardia \u2013 Tres Cruces \u2013 Buena Vista, con afectaci\u00f3n a los acu\u00edferos de la UCPN G\u00fcend\u00e1 &#8211; Urub\u00f3 y logr\u00f3 que la justicia ambiental se manifieste en un tema vital como es el manejo de los residuos s\u00f3lidos en el botadero municipal de San Ignacio de Velasco, que tuvo esta semana una inspecci\u00f3n in situ para establecer responsabilidades y activar un proceso ambiental que precautele la salud de las comunidades afectadas por la contaminaci\u00f3n generada.&nbsp;<\/p>","protected":false},"excerpt":{"rendered":"<p>La asamble\u00edsta de Libre Mar\u00eda Ren\u00e9 \u00c1lvarez fue electa este jueves como presidenta de la Asamblea Legislativa Departamental para la gesti\u00f3n 2026 a 2027.&nbsp;La \u00abjaguar chiquitana\u00bb afirm\u00f3 que un nuevo tiempo con autonom\u00eda y libertad comienza para Santa Cruz.&nbsp;La exdiputada representante de la Chiquitania, recibi\u00f3 el apoyo de la bancada mayoritaria de la alianza Libre [&hellip;]<\/p>\n","protected":false},"author":1,"featured_media":11738,"comment_status":"","ping_status":"","sticky":false,"template":"","format":"standard","meta":{"fifu_image_url":"https:\/\/hub.idealabgroup.com\/public\/uploads\/img_74240a70259a47769468d0a080f84a4f534d734c.webp","fifu_image_alt":"","footnotes":""},"categories":[43],"tags":[],"class_list":["post-11737","post","type-post","status-publish","format-standard","has-post-thumbnail","hentry","category-santa-cruz"],"_links":{"self":[{"href":"https:\/\/stbnoticias.com\/index.php\/wp-json\/wp\/v2\/posts\/11737","targetHints":{"allow":["GET"]}}],"collection":[{"href":"https:\/\/stbnoticias.com\/index.php\/wp-json\/wp\/v2\/posts"}],"about":[{"href":"https:\/\/stbnoticias.com\/index.php\/wp-json\/wp\/v2\/types\/post"}],"author":[{"embeddable":true,"href":"https:\/\/stbnoticias.com\/index.php\/wp-json\/wp\/v2\/users\/1"}],"replies":[{"embeddable":true,"href":"https:\/\/stbnoticias.com\/index.php\/wp-json\/wp\/v2\/comments?post=11737"}],"version-history":[{"count":0,"href":"https:\/\/stbnoticias.com\/index.php\/wp-json\/wp\/v2\/posts\/11737\/revisions"}],"wp:featuredmedia":[{"embeddable":true,"href":"https:\/\/stbnoticias.com\/index.php\/wp-json\/wp\/v2\/media\/11738"}],"wp:attachment":[{"href":"https:\/\/stbnoticias.com\/index.php\/wp-json\/wp\/v2\/media?parent=11737"}],"wp:term":[{"taxonomy":"category","embeddable":true,"href":"https:\/\/stbnoticias.com\/index.php\/wp-json\/wp\/v2\/categories?post=11737"},{"taxonomy":"post_tag","embeddable":true,"href":"https:\/\/stbnoticias.com\/index.php\/wp-json\/wp\/v2\/tags?post=11737"}],"curies":[{"name":"wp","href":"https:\/\/api.w.org\/{rel}","templated":true}]}}