{"id":11741,"date":"2026-05-01T20:30:00","date_gmt":"2026-05-02T00:30:00","guid":{"rendered":"https:\/\/stbnoticias.com\/index.php\/2026\/05\/01\/vocero-destaca-la-urgencia-de-reformas-legislativas-para-enfrentar-crisis-energetica\/"},"modified":"2026-05-01T20:30:00","modified_gmt":"2026-05-02T00:30:00","slug":"vocero-destaca-la-urgencia-de-reformas-legislativas-para-enfrentar-crisis-energetica","status":"publish","type":"post","link":"https:\/\/stbnoticias.com\/index.php\/2026\/05\/01\/vocero-destaca-la-urgencia-de-reformas-legislativas-para-enfrentar-crisis-energetica\/","title":{"rendered":"Vocero destaca la urgencia de reformas legislativas para enfrentar crisis energ\u00e9tica"},"content":{"rendered":"<p>El vocero presidencial destaca que las reformas legislativas son clave para evitar una mayor par\u00e1lisis econ\u00f3mica.<\/p>\n<figure class=\"wp-block-image\"><img decoding=\"async\" src=\"https:\/\/hub.idealabgroup.com\/public\/uploads\/img_bb679662bb3498de8b8ca8394c954e492a3461e1.webp\" alt=\"El vocero presidencial, Jos\u00e9 Luis G\u00e1lvez, cuestion\u00f3 la herencia econ\u00f3mica recibida tras dos d\u00e9cadas.\"\/><figcaption>El vocero presidencial, Jos\u00e9 Luis G\u00e1lvez, cuestion\u00f3 la herencia econ\u00f3mica recibida tras dos d\u00e9cadas.<\/figcaption><\/figure>\n<p>El viernes 1 de mayo de 2026, el vocero presidencial,&nbsp;Jos\u00e9 Luis G\u00e1lvez, evalu\u00f3 la brecha entre las expectativas generadas por la administraci\u00f3n anterior y la realidad actual del gobierno del presidente&nbsp;Rodrigo Paz. Seg\u00fan el an\u00e1lisis oficial, el modelo pol\u00edtico previo no solo incumpli\u00f3 sus metas de desarrollo a largo plazo, sino que presenta una resistencia al cambio que dificulta la implementaci\u00f3n de nuevas bases democr\u00e1ticas.<\/p>\n<p>G\u00e1lvez destac\u00f3 que la prioridad inmediata debe ser la construcci\u00f3n de consensos para evitar que la par\u00e1lisis pol\u00edtica agrave la situaci\u00f3n econ\u00f3mica, seg\u00fan reporta Erbol. La narrativa de una Bolivia como \u2018mar de gas\u2019 ha sido sustituida por una advertencia de crisis energ\u00e9tica inminente.<\/p>\n<p>Entre los puntos cr\u00edticos mencionados se encuentran:<\/p>\n<ul class=\"wp-block-list\"><li>Agotamiento de reservas:&nbsp;El vocero alert\u00f3 que la disminuci\u00f3n de los niveles de gas es una realidad t\u00e9cnica ineludible.<\/li><li>Gesti\u00f3n de la escasez:&nbsp;El Gobierno sostiene que enfrentar este escenario requiere una corresponsabilidad entre el Estado y la sociedad, alej\u00e1ndose del triunfalismo de a\u00f1os anteriores.<\/li><\/ul>\n<p>La meta, seg\u00fan G\u00e1lvez, es clara: dejar atr\u00e1s el mito de la prosperidad ficticia para empezar la reconstrucci\u00f3n sobre cimientos s\u00f3lidos. En este contexto, afirm\u00f3: \u201cLa herencia que nos dejaron es totalmente distinta a la promesa que nos dijeron. Dijeron que \u00edbamos a ser igual que Suiza y hoy por hoy tenemos que reconstruir el pa\u00eds de las cenizas\u201d.<\/p>\n<p>Ante este escenario de una \u2018Bolivia quebrada\u2019, el presidente&nbsp;Rodrigo Paz&nbsp;ha decidido pasar a la ofensiva institucional. A partir del 1 de mayo, el Ejecutivo pondr\u00e1 en marcha una estrategia basada en tres ejes fundamentales:<\/p>\n<ol class=\"wp-block-list\"><li>Gran Encuentro Nacional:&nbsp;Una convocatoria abierta a diversos sectores para dise\u00f1ar una agenda com\u00fan de salida a la crisis.<\/li><li>Reformas Legislativas:&nbsp;El env\u00edo inmediato al Congreso de un paquete de leyes clave sobre hidrocarburos, energ\u00eda e inversiones, con el fin de reactivar el sector extractivo y atraer capitales.<\/li><li>Nueva Etapa de Di\u00e1logo:&nbsp;El establecimiento de puentes con la oposici\u00f3n y sectores sociales para viabilizar las reformas estructurales en el Legislativo.<\/li><\/ol>","protected":false},"excerpt":{"rendered":"<p>El vocero presidencial destaca que las reformas legislativas son clave para evitar una mayor par\u00e1lisis econ\u00f3mica. El viernes 1 de mayo de 2026, el vocero presidencial,&nbsp;Jos\u00e9 Luis G\u00e1lvez, evalu\u00f3 la brecha entre las expectativas generadas por la administraci\u00f3n anterior y la realidad actual del gobierno del presidente&nbsp;Rodrigo Paz. Seg\u00fan el an\u00e1lisis oficial, el modelo pol\u00edtico [&hellip;]<\/p>\n","protected":false},"author":1,"featured_media":11742,"comment_status":"","ping_status":"","sticky":false,"template":"","format":"standard","meta":{"fifu_image_url":"https:\/\/hub.idealabgroup.com\/public\/uploads\/img_bb679662bb3498de8b8ca8394c954e492a3461e1.webp","fifu_image_alt":"","footnotes":""},"categories":[22],"tags":[],"class_list":["post-11741","post","type-post","status-publish","format-standard","has-post-thumbnail","hentry","category-bolivia"],"_links":{"self":[{"href":"https:\/\/stbnoticias.com\/index.php\/wp-json\/wp\/v2\/posts\/11741","targetHints":{"allow":["GET"]}}],"collection":[{"href":"https:\/\/stbnoticias.com\/index.php\/wp-json\/wp\/v2\/posts"}],"about":[{"href":"https:\/\/stbnoticias.com\/index.php\/wp-json\/wp\/v2\/types\/post"}],"author":[{"embeddable":true,"href":"https:\/\/stbnoticias.com\/index.php\/wp-json\/wp\/v2\/users\/1"}],"replies":[{"embeddable":true,"href":"https:\/\/stbnoticias.com\/index.php\/wp-json\/wp\/v2\/comments?post=11741"}],"version-history":[{"count":0,"href":"https:\/\/stbnoticias.com\/index.php\/wp-json\/wp\/v2\/posts\/11741\/revisions"}],"wp:featuredmedia":[{"embeddable":true,"href":"https:\/\/stbnoticias.com\/index.php\/wp-json\/wp\/v2\/media\/11742"}],"wp:attachment":[{"href":"https:\/\/stbnoticias.com\/index.php\/wp-json\/wp\/v2\/media?parent=11741"}],"wp:term":[{"taxonomy":"category","embeddable":true,"href":"https:\/\/stbnoticias.com\/index.php\/wp-json\/wp\/v2\/categories?post=11741"},{"taxonomy":"post_tag","embeddable":true,"href":"https:\/\/stbnoticias.com\/index.php\/wp-json\/wp\/v2\/tags?post=11741"}],"curies":[{"name":"wp","href":"https:\/\/api.w.org\/{rel}","templated":true}]}}