{"id":11744,"date":"2026-05-02T15:57:00","date_gmt":"2026-05-02T19:57:00","guid":{"rendered":"https:\/\/stbnoticias.com\/index.php\/2026\/05\/02\/la-cob-afirma-que-rodrigo-paz-debera-irse-si-no-atiende-sus-demandas\/"},"modified":"2026-05-02T15:57:00","modified_gmt":"2026-05-02T19:57:00","slug":"la-cob-afirma-que-rodrigo-paz-debera-irse-si-no-atiende-sus-demandas","status":"publish","type":"post","link":"https:\/\/stbnoticias.com\/index.php\/2026\/05\/02\/la-cob-afirma-que-rodrigo-paz-debera-irse-si-no-atiende-sus-demandas\/","title":{"rendered":"La COB afirma que Rodrigo Paz deber\u00e1 \u201cirse\u201d si no atiende sus demandas"},"content":{"rendered":"<p>Entre las resoluciones aprobadas se encuentran la demanda del incremento salarial del 20%, el recorte de sueldos para altos mandos estatales y el \u00abrechazo a la privatizaci\u00f3n\u00bb de empresas estatales, entre otras.<\/p>\n<figure class=\"wp-block-image\"><img decoding=\"async\" src=\"https:\/\/hub.idealabgroup.com\/public\/uploads\/img_1f7f0d9aa0b3d39c8466184d2620554f2e113a08.webp\" alt=\"El cabildo convocado por la COB en el Alto.\"\/><figcaption>El cabildo convocado por la COB en el Alto.<\/figcaption><\/figure>\n<p>&nbsp;La Central Obrera Boliviana (COB) se declar\u00f3 este viernes en una huelga indefinida para forzar al gobierno de Rodrigo Paz a atender una serie de demandas, incluido un aumento salarial del 20%, y advirti\u00f3 que si el Ejecutivo no atiende sus reclamos, deber\u00e1 \u00abrenunciar\u00bb.<\/p>\n<p>\u00abA partir del d\u00eda de hoy, se declara el paro (huelga) general indefinido movilizado hasta que el Gobierno atienda el pedido del pueblo, y si no cumple, que se vaya a su casa\u00bb, sostuvo el m\u00e1ximo dirigente de la COB, Mario Argollo.<\/p>\n<p>Argollo pronunci\u00f3 un amplio discurso con cr\u00edticas al gobierno de Paz, ante centenares de obreros, trabajadores de salud, fabriles, mineros y maestros que acudieron al cabildo convocado por la COB en la ciudad de El Alto, vecina de La Paz, por el D\u00eda Internacional del Trabajo.<\/p>\n<p>Para cerrar el mitin, Argollo pidi\u00f3 que los participantes aprueben por aclamaci\u00f3n la realizaci\u00f3n del \u00abparo general indefinido movilizado hasta\u00bb lograr \u00abque el Gobierno, de manera inmediata, atienda los pedidos\u00bb de estos sectores, o de lo contrario, \u00abagarre sus maletas y tenga que renunciar\u00bb.<\/p>\n<p>Otras resoluciones aprobadas son la demanda del incremento salarial del 20%, el recorte de sueldos para altos mandos estatales y el \u00abrechazo a la privatizaci\u00f3n\u00bb de empresas estatales, entre otras.<\/p>\n<p>La entidad sindical incluy\u00f3 tambi\u00e9n reclamos de sectores movilizados por otros motivos, como los campesinos e ind\u00edgenas amaz\u00f3nicos que exigen la anulaci\u00f3n de una ley que \u00abreclasifica\u00bb la peque\u00f1a propiedad como mediana.<\/p>\n<p>La reclasificaci\u00f3n establecida en la norma es voluntaria, pero los sectores que la rechazan consideran que favorecer\u00e1 solo a los grandes empresarios y por eso iniciaron hace 23 d\u00edas una caminata desde el norte amaz\u00f3nico boliviano hacia La Paz para demandar la abrogaci\u00f3n de la ley.<\/p>\n<p>La COB fue aliada pol\u00edtica de los gobiernos izquierdistas de Evo Morales (2006-2019) y Luis Arce (2020-2025), durante los cuales el 1 de mayo se dictaron decretos obligatorios de aumentos salariales acordados entre sindicatos y autoridades.<\/p>\n<p>La entidad sindical ya tuvo un pulso con el gobierno de Paz por el decreto que en diciembre levant\u00f3 la subvenci\u00f3n de los combustibles que rigi\u00f3 por m\u00e1s de dos d\u00e9cadas.<\/p>\n<p>Ese conflicto se resolvi\u00f3 con el reemplazo de ese decreto por otro que elimin\u00f3 algunas disposiciones cuestionadas por la COB, pero mantuvo otras, como el retiro de la subvenci\u00f3n a los carburantes y el aumento del salario m\u00ednimo de 2.750 a 3.300 bolivianos (395 a 474 d\u00f3lares).<\/p>\n<p>Esta jornada, Paz cuestion\u00f3 que se pida un aumento salarial del 20% cuando la econom\u00eda del pa\u00eds est\u00e1 \u00abquebrada\u00bb, en un encuentro con algunos sindicatos en la regi\u00f3n central de Cochabamba.<\/p>\n<p>El gobernante sostuvo que si no hay trabajo, \u00absolo unos cuantos\u00bb se beneficiar\u00e1n con el aumento salarial reclamado y \u00abno se beneficia el resto del pa\u00eds\u00bb.<\/p>","protected":false},"excerpt":{"rendered":"<p>Entre las resoluciones aprobadas se encuentran la demanda del incremento salarial del 20%, el recorte de sueldos para altos mandos estatales y el \u00abrechazo a la privatizaci\u00f3n\u00bb de empresas estatales, entre otras. &nbsp;La Central Obrera Boliviana (COB) se declar\u00f3 este viernes en una huelga indefinida para forzar al gobierno de Rodrigo Paz a atender una [&hellip;]<\/p>\n","protected":false},"author":1,"featured_media":11745,"comment_status":"","ping_status":"","sticky":false,"template":"","format":"standard","meta":{"fifu_image_url":"https:\/\/hub.idealabgroup.com\/public\/uploads\/img_1f7f0d9aa0b3d39c8466184d2620554f2e113a08.webp","fifu_image_alt":"","footnotes":""},"categories":[35],"tags":[],"class_list":["post-11744","post","type-post","status-publish","format-standard","has-post-thumbnail","hentry","category-la-paz"],"_links":{"self":[{"href":"https:\/\/stbnoticias.com\/index.php\/wp-json\/wp\/v2\/posts\/11744","targetHints":{"allow":["GET"]}}],"collection":[{"href":"https:\/\/stbnoticias.com\/index.php\/wp-json\/wp\/v2\/posts"}],"about":[{"href":"https:\/\/stbnoticias.com\/index.php\/wp-json\/wp\/v2\/types\/post"}],"author":[{"embeddable":true,"href":"https:\/\/stbnoticias.com\/index.php\/wp-json\/wp\/v2\/users\/1"}],"replies":[{"embeddable":true,"href":"https:\/\/stbnoticias.com\/index.php\/wp-json\/wp\/v2\/comments?post=11744"}],"version-history":[{"count":0,"href":"https:\/\/stbnoticias.com\/index.php\/wp-json\/wp\/v2\/posts\/11744\/revisions"}],"wp:featuredmedia":[{"embeddable":true,"href":"https:\/\/stbnoticias.com\/index.php\/wp-json\/wp\/v2\/media\/11745"}],"wp:attachment":[{"href":"https:\/\/stbnoticias.com\/index.php\/wp-json\/wp\/v2\/media?parent=11744"}],"wp:term":[{"taxonomy":"category","embeddable":true,"href":"https:\/\/stbnoticias.com\/index.php\/wp-json\/wp\/v2\/categories?post=11744"},{"taxonomy":"post_tag","embeddable":true,"href":"https:\/\/stbnoticias.com\/index.php\/wp-json\/wp\/v2\/tags?post=11744"}],"curies":[{"name":"wp","href":"https:\/\/api.w.org\/{rel}","templated":true}]}}