{"id":11746,"date":"2026-05-02T20:58:00","date_gmt":"2026-05-03T00:58:00","guid":{"rendered":"https:\/\/stbnoticias.com\/index.php\/2026\/05\/02\/instalan-capilla-ardiente-para-magistrado-claure-en-el-tribunal-agroambiental\/"},"modified":"2026-05-02T20:58:00","modified_gmt":"2026-05-03T00:58:00","slug":"instalan-capilla-ardiente-para-magistrado-claure-en-el-tribunal-agroambiental","status":"publish","type":"post","link":"https:\/\/stbnoticias.com\/index.php\/2026\/05\/02\/instalan-capilla-ardiente-para-magistrado-claure-en-el-tribunal-agroambiental\/","title":{"rendered":"Instalan capilla ardiente para magistrado Claure en el Tribunal Agroambiental"},"content":{"rendered":"<p>Los magistrados Roxana Ch\u00e1vez, Richard Christian M\u00e9ndez, Soledad Pe\u00f1afiel y Roc\u00edo Vasquez estuvieron presentes este s\u00e1bado en el Sal\u00f3n de Actos de esta instituci\u00f3n, en Sucre<\/p>\n<figure class=\"wp-block-image\"><img decoding=\"async\" src=\"https:\/\/hub.idealabgroup.com\/public\/uploads\/img_325c861a5bd7c7af566d661016c988bb845cc532.webp\" alt=\"La capilla ardiente en el Tribunal Agroambiental.\"\/><figcaption>La capilla ardiente en el Tribunal Agroambiental.<\/figcaption><\/figure>\n<p>Los cuatro magistrados del Tribunal Agroambiental, Roxana Ch\u00e1vez (presidenta), Richard Christian M\u00e9ndez, Soledad Pe\u00f1afiel y Roc\u00edo Vasquez, estuvieron presentes este s\u00e1bado en la capilla ardiente instalada en el Sal\u00f3n de Actos de esta instituci\u00f3n, en la ciudad de Sucre, para acompa\u00f1ar al que fue su colega V\u00edctor Hugo Claure.<\/p>\n<p>El magistrado Claure fue asesinado el jueves en la noche en Santa Cruz de la Sierra. Recibi\u00f3 cuatro disparos de una persona que despu\u00e9s del crimen escap\u00f3 en una motocicleta por otro implicado en el crimen.<\/p>\n<p>El cuerpo del magistrado es velado en la ciudad de Cochabamba, donde sus familiares pidieron justicia y garant\u00edas ante posibles represalias.<\/p>\n<p>Para este s\u00e1bado tambi\u00e9n est\u00e1 prevista una misa en instalaciones del Tribunal Agroambiental.<\/p>","protected":false},"excerpt":{"rendered":"<p>Los magistrados Roxana Ch\u00e1vez, Richard Christian M\u00e9ndez, Soledad Pe\u00f1afiel y Roc\u00edo Vasquez estuvieron presentes este s\u00e1bado en el Sal\u00f3n de Actos de esta instituci\u00f3n, en Sucre Los cuatro magistrados del Tribunal Agroambiental, Roxana Ch\u00e1vez (presidenta), Richard Christian M\u00e9ndez, Soledad Pe\u00f1afiel y Roc\u00edo Vasquez, estuvieron presentes este s\u00e1bado en la capilla ardiente instalada en el Sal\u00f3n [&hellip;]<\/p>\n","protected":false},"author":1,"featured_media":11747,"comment_status":"","ping_status":"","sticky":false,"template":"","format":"standard","meta":{"fifu_image_url":"https:\/\/hub.idealabgroup.com\/public\/uploads\/img_325c861a5bd7c7af566d661016c988bb845cc532.webp","fifu_image_alt":"","footnotes":""},"categories":[49],"tags":[],"class_list":["post-11746","post","type-post","status-publish","format-standard","has-post-thumbnail","hentry","category-sucre"],"_links":{"self":[{"href":"https:\/\/stbnoticias.com\/index.php\/wp-json\/wp\/v2\/posts\/11746","targetHints":{"allow":["GET"]}}],"collection":[{"href":"https:\/\/stbnoticias.com\/index.php\/wp-json\/wp\/v2\/posts"}],"about":[{"href":"https:\/\/stbnoticias.com\/index.php\/wp-json\/wp\/v2\/types\/post"}],"author":[{"embeddable":true,"href":"https:\/\/stbnoticias.com\/index.php\/wp-json\/wp\/v2\/users\/1"}],"replies":[{"embeddable":true,"href":"https:\/\/stbnoticias.com\/index.php\/wp-json\/wp\/v2\/comments?post=11746"}],"version-history":[{"count":0,"href":"https:\/\/stbnoticias.com\/index.php\/wp-json\/wp\/v2\/posts\/11746\/revisions"}],"wp:featuredmedia":[{"embeddable":true,"href":"https:\/\/stbnoticias.com\/index.php\/wp-json\/wp\/v2\/media\/11747"}],"wp:attachment":[{"href":"https:\/\/stbnoticias.com\/index.php\/wp-json\/wp\/v2\/media?parent=11746"}],"wp:term":[{"taxonomy":"category","embeddable":true,"href":"https:\/\/stbnoticias.com\/index.php\/wp-json\/wp\/v2\/categories?post=11746"},{"taxonomy":"post_tag","embeddable":true,"href":"https:\/\/stbnoticias.com\/index.php\/wp-json\/wp\/v2\/tags?post=11746"}],"curies":[{"name":"wp","href":"https:\/\/api.w.org\/{rel}","templated":true}]}}