{"id":12101,"date":"2026-08-30T19:59:00","date_gmt":"2026-08-30T23:59:00","guid":{"rendered":"https:\/\/stbnoticias.com\/index.php\/2026\/08\/30\/felcc-investiga-el-asesinato-de-un-hombre-con-23-disparos-en-entre-rios\/"},"modified":"2026-08-30T19:59:00","modified_gmt":"2026-08-30T23:59:00","slug":"felcc-investiga-el-asesinato-de-un-hombre-con-23-disparos-en-entre-rios","status":"publish","type":"post","link":"https:\/\/stbnoticias.com\/index.php\/2026\/08\/30\/felcc-investiga-el-asesinato-de-un-hombre-con-23-disparos-en-entre-rios\/","title":{"rendered":"Felcc investiga el asesinato de un hombre con 23 disparos en Entre R\u00edos"},"content":{"rendered":"<figure class=\"wp-block-image\"><img decoding=\"async\" src=\"https:\/\/hub.idealabgroup.com\/public\/uploads\/img_059580047aa04da09417e5498bfcbf13750c244a.webp\" alt=\"Felcc investiga el asesinato de un hombre con 23 disparos en Entre R\u00edos\"\/><figcaption>Felcc investiga el asesinato de un hombre con 23 disparos en Entre R\u00edos<\/figcaption><\/figure>\n<p class=\"wp-block-paragraph\">La Fuerza Especial de Lucha Contra el Crimen (Felcc) investiga el asesinato de un hombre que recibi\u00f3 23 impactos de bala en la poblaci\u00f3n de R\u00edo Blanco, ubicada en el tr\u00f3pico cochabambino.<\/p>\n<p class=\"wp-block-paragraph\">De acuerdo a datos policiales del hecho, a las 05.40 de este domingo 30 de agosto, la Polic\u00eda Seccional de Bulo Bulo inform\u00f3 sobre el hallazgo de una persona fallecida por impacto de proyectil de arma de fuego en el municipio de Entre R\u00edos.<\/p>\n<p class=\"wp-block-paragraph\">Es as\u00ed que tras conocer del caso, la Felcc de Ivirgarzama, junto con el Ministerio P\u00fablico y el m\u00e9dico forense, acudi\u00f3 al Hospital de Manco Kapac. En el lugar se confirm\u00f3 la presencia del cuerpo de J.M, de 34 a\u00f1os, report\u00f3 la instituci\u00f3n verde olivo.<\/p>\n<p class=\"wp-block-paragraph\">En la revisi\u00f3n f\u00edsica externa se constataron 23 impactos de proyectil de arma de fuego en el t\u00f3rax y otras partes del cuerpo.<\/p>\n<p class=\"wp-block-paragraph\">La causa precisa del deceso qued\u00f3 pendiente de confirmaci\u00f3n hasta la realizaci\u00f3n de la autopsia de ley.<\/p>","protected":false},"excerpt":{"rendered":"<p>La Fuerza Especial de Lucha Contra el Crimen (Felcc) investiga el asesinato de un hombre que recibi\u00f3 23 impactos de bala en la poblaci\u00f3n de R\u00edo Blanco, ubicada en el tr\u00f3pico cochabambino.\u2026<\/p>\n","protected":false},"author":1,"featured_media":12102,"comment_status":"","ping_status":"","sticky":false,"template":"","format":"standard","meta":{"fifu_image_url":"https:\/\/hub.idealabgroup.com\/public\/uploads\/img_059580047aa04da09417e5498bfcbf13750c244a.webp","fifu_image_alt":"","footnotes":""},"categories":[37],"tags":[],"class_list":["post-12101","post","type-post","status-publish","format-standard","has-post-thumbnail","hentry","category-cochabamba"],"_links":{"self":[{"href":"https:\/\/stbnoticias.com\/index.php\/wp-json\/wp\/v2\/posts\/12101","targetHints":{"allow":["GET"]}}],"collection":[{"href":"https:\/\/stbnoticias.com\/index.php\/wp-json\/wp\/v2\/posts"}],"about":[{"href":"https:\/\/stbnoticias.com\/index.php\/wp-json\/wp\/v2\/types\/post"}],"author":[{"embeddable":true,"href":"https:\/\/stbnoticias.com\/index.php\/wp-json\/wp\/v2\/users\/1"}],"replies":[{"embeddable":true,"href":"https:\/\/stbnoticias.com\/index.php\/wp-json\/wp\/v2\/comments?post=12101"}],"version-history":[{"count":0,"href":"https:\/\/stbnoticias.com\/index.php\/wp-json\/wp\/v2\/posts\/12101\/revisions"}],"wp:featuredmedia":[{"embeddable":true,"href":"https:\/\/stbnoticias.com\/index.php\/wp-json\/wp\/v2\/media\/12102"}],"wp:attachment":[{"href":"https:\/\/stbnoticias.com\/index.php\/wp-json\/wp\/v2\/media?parent=12101"}],"wp:term":[{"taxonomy":"category","embeddable":true,"href":"https:\/\/stbnoticias.com\/index.php\/wp-json\/wp\/v2\/categories?post=12101"},{"taxonomy":"post_tag","embeddable":true,"href":"https:\/\/stbnoticias.com\/index.php\/wp-json\/wp\/v2\/tags?post=12101"}],"curies":[{"name":"wp","href":"https:\/\/api.w.org\/{rel}","templated":true}]}}