{"id":12103,"date":"2026-08-31T21:04:00","date_gmt":"2026-09-01T01:04:00","guid":{"rendered":"https:\/\/stbnoticias.com\/index.php\/2026\/08\/31\/yo-no-hago-caso-a-los-audios-paz-deja-en-manos-de-la-justicia-grabacion-presentada-por-lara\/"},"modified":"2026-08-31T21:04:00","modified_gmt":"2026-09-01T01:04:00","slug":"yo-no-hago-caso-a-los-audios-paz-deja-en-manos-de-la-justicia-grabacion-presentada-por-lara","status":"publish","type":"post","link":"https:\/\/stbnoticias.com\/index.php\/2026\/08\/31\/yo-no-hago-caso-a-los-audios-paz-deja-en-manos-de-la-justicia-grabacion-presentada-por-lara\/","title":{"rendered":"\u201cYo no hago caso a los audios\u201d: Paz deja en manos de la justicia grabaci\u00f3n presentada por Lara"},"content":{"rendered":"<figure class=\"wp-block-image\"><img decoding=\"async\" src=\"https:\/\/hub.idealabgroup.com\/public\/uploads\/img_6c128f0b423d1ecdaa1f0c46b7bf33840949ee57.webp\" alt=\"El presidente del Estado, Rodrigo Paz.&amp;nbsp;\"\/><figcaption>El presidente del Estado, Rodrigo Paz.&nbsp;<\/figcaption><\/figure>\n<p class=\"wp-block-paragraph\">El presidente Rodrigo Paz se refiri\u00f3 este lunes al audio presentado por el vicepresidente Edmand Lara sobre una supuesta conversaci\u00f3n entre Fernando Cerimedo y Mar\u00eda Elena Urquidi, primera dama. Paz afirm\u00f3 que dejar\u00e1 que la justicia act\u00fae e investigue y que no \u201chace caso a audios\u201d.&nbsp; &nbsp;<\/p>\n<p class=\"wp-block-paragraph\">\u201cYo no hago casos a los audios, s\u00ed hago caso a lo que la justicia y aquellos que hagan el peritaje o la investigaci\u00f3n adecuada nos puedan determinar. Creo que eso es el procedimiento y no me voy a pronunciar sobre esto en otro aspecto, porque es por el respeto a la justicia y a aquellos que realicen peritajes\u201d, dijo Paz ante los medios.<\/p>\n<p class=\"wp-block-paragraph\">Lara revel\u00f3 este lunes un audio de una supuesta conversaci\u00f3n entre Cerimedo y Urquidi, en la que se habla sobre la salida de Mirko Sokol, quien esta jornada renunci\u00f3 al cargo de comandante general de la Polic\u00eda.<\/p>\n<p class=\"wp-block-paragraph\">Lara indic\u00f3 que el audio ser\u00e1 entregado al Ministerio P\u00fablico para que se realice una pericia y se verifique si las voces corresponden o no a Urquidi y Cerimedo. Asimismo, anunci\u00f3 que presentar\u00e1 una denuncia contra ambos.<\/p>\n<p class=\"wp-block-paragraph\">Paz, de forma breve, afirm\u00f3 que este tema debe ser resuelto por la justicia. \u201cDejemos a la justicia que act\u00fae, dejemos que la justicia haga su trabajo, porque ustedes saben que durante la campa\u00f1a hubieron diversos ataques, con miles de audios, y el audio se ha vuelto una suerte de f\u00f3rmula de desprestigio de una u otra manera\u201d, resalto.<\/p>","protected":false},"excerpt":{"rendered":"<p>El presidente Rodrigo Paz se refiri\u00f3 este lunes al audio presentado por el vicepresidente Edmand Lara sobre una supuesta conversaci\u00f3n entre Fernando Cerimedo y Mar\u00eda Elena Urquidi, primera dama. Paz afirm\u00f3 que\u2026<\/p>\n","protected":false},"author":1,"featured_media":12104,"comment_status":"","ping_status":"","sticky":false,"template":"","format":"standard","meta":{"fifu_image_url":"https:\/\/hub.idealabgroup.com\/public\/uploads\/img_6c128f0b423d1ecdaa1f0c46b7bf33840949ee57.webp","fifu_image_alt":"","footnotes":""},"categories":[22],"tags":[],"class_list":["post-12103","post","type-post","status-publish","format-standard","has-post-thumbnail","hentry","category-bolivia"],"_links":{"self":[{"href":"https:\/\/stbnoticias.com\/index.php\/wp-json\/wp\/v2\/posts\/12103","targetHints":{"allow":["GET"]}}],"collection":[{"href":"https:\/\/stbnoticias.com\/index.php\/wp-json\/wp\/v2\/posts"}],"about":[{"href":"https:\/\/stbnoticias.com\/index.php\/wp-json\/wp\/v2\/types\/post"}],"author":[{"embeddable":true,"href":"https:\/\/stbnoticias.com\/index.php\/wp-json\/wp\/v2\/users\/1"}],"replies":[{"embeddable":true,"href":"https:\/\/stbnoticias.com\/index.php\/wp-json\/wp\/v2\/comments?post=12103"}],"version-history":[{"count":0,"href":"https:\/\/stbnoticias.com\/index.php\/wp-json\/wp\/v2\/posts\/12103\/revisions"}],"wp:featuredmedia":[{"embeddable":true,"href":"https:\/\/stbnoticias.com\/index.php\/wp-json\/wp\/v2\/media\/12104"}],"wp:attachment":[{"href":"https:\/\/stbnoticias.com\/index.php\/wp-json\/wp\/v2\/media?parent=12103"}],"wp:term":[{"taxonomy":"category","embeddable":true,"href":"https:\/\/stbnoticias.com\/index.php\/wp-json\/wp\/v2\/categories?post=12103"},{"taxonomy":"post_tag","embeddable":true,"href":"https:\/\/stbnoticias.com\/index.php\/wp-json\/wp\/v2\/tags?post=12103"}],"curies":[{"name":"wp","href":"https:\/\/api.w.org\/{rel}","templated":true}]}}