{"id":12105,"date":"2026-09-01T10:15:40","date_gmt":"2026-09-01T14:15:40","guid":{"rendered":"https:\/\/stbnoticias.com\/?p=12105"},"modified":"2026-09-01T10:15:41","modified_gmt":"2026-09-01T14:15:41","slug":"piden-auditar-setar-la-facturacion-y-transparentar-el-nuevo-estudio","status":"publish","type":"post","link":"https:\/\/stbnoticias.com\/index.php\/2026\/09\/01\/piden-auditar-setar-la-facturacion-y-transparentar-el-nuevo-estudio\/","title":{"rendered":"PIDEN AUDITAR SETAR, LA FACTURACI\u00d3N Y TRANSPARENTAR EL NUEVO ESTUDIO"},"content":{"rendered":"\n<p class=\"wp-block-paragraph\"><em>Desde la bancada de Patria reclaman por resarcimiento para las personas afectadas y la dirigencia vecinal exige transparentar el nuevo estudio tarifario.<\/em><\/p>\n\n\n\n<figure class=\"wp-block-image size-full\"><img loading=\"lazy\" decoding=\"async\" width=\"980\" height=\"653\" src=\"https:\/\/stbnoticias.com\/wp-content\/uploads\/2026\/09\/b11416d5-d454-40a6-9bba-6fac589b0402.jpg\" alt=\"\" class=\"wp-image-12106\" srcset=\"https:\/\/stbnoticias.com\/wp-content\/uploads\/2026\/09\/b11416d5-d454-40a6-9bba-6fac589b0402.jpg 980w, https:\/\/stbnoticias.com\/wp-content\/uploads\/2026\/09\/b11416d5-d454-40a6-9bba-6fac589b0402-300x200.jpg 300w, https:\/\/stbnoticias.com\/wp-content\/uploads\/2026\/09\/b11416d5-d454-40a6-9bba-6fac589b0402-768x512.jpg 768w, https:\/\/stbnoticias.com\/wp-content\/uploads\/2026\/09\/b11416d5-d454-40a6-9bba-6fac589b0402-360x240.jpg 360w\" sizes=\"auto, (max-width: 980px) 100vw, 980px\" \/><\/figure>\n\n\n\n<p class=\"wp-block-paragraph\">En medio del anuncio de la Gobernaci\u00f3n de denunciar presuntos hechos de corrupci\u00f3n en Servicios El\u00e9ctricos de Tarija (Setar), este lunes sumaron las voces que exigen una auditor\u00eda al funcionamiento de la entidad, en particular respecto a los reclamos por alzas injustificadas en las facturas y las demandas para conocer en detalle la elaboraci\u00f3n del nuevo estudio tarifario.<\/p>\n\n\n\n<p class=\"wp-block-paragraph\">Denuncia<\/p>\n\n\n\n<p class=\"wp-block-paragraph\">La gobernadora, Mar\u00eda Ren\u00e9 Soruco, inform\u00f3 que el \u00e1rea legal presentar\u00e1 una denuncia ante el Ministerio P\u00fablico para investigar presuntas irregularidades en procesos de contrataci\u00f3n, pero tambi\u00e9n comprometi\u00f3 un saneamiento a distintos reclamos ciudadanos, en particular respecto a los errores de facturaci\u00f3n.<\/p>\n\n\n\n<p class=\"wp-block-paragraph\">Irregularidades en la facturaci\u00f3n<\/p>\n\n\n\n<p class=\"wp-block-paragraph\">El asamble\u00edsta Rodrigo Delgado (Patria) apunt\u00f3 directamente a las empresas a cargo de la lecturaci\u00f3n.<\/p>\n\n\n\n<p class=\"wp-block-paragraph\">\u201cHemos identificado que desde 2023 hasta la fecha solo dos empresas que estar\u00edan realizando el trabajo de lecturaciones de Setar. Llama la atenci\u00f3n que estas empresas presentan mensualmente errores de lecturacion con montos bastante altos. Es decir, la empresa lectura mal y a la poblaci\u00f3n, porque no te perdonan un d\u00eda, le cortan la luz\u201d, afirm\u00f3.<\/p>\n\n\n\n<p class=\"wp-block-paragraph\">Dijo que durante las \u00faltimas semanas recopil\u00f3 una serie de denuncias. Cit\u00f3 como ejemplo el caso de una persona cuya factura subi\u00f3 de 76 a 8.172 bolivianos en Aranjuez y otro similar en Tabladita.<\/p>\n\n\n\n<p class=\"wp-block-paragraph\">El legislador agreg\u00f3 que sospecha de un intento de parte de la administraci\u00f3n de Setar de esconder informaci\u00f3n, debido a que recibi\u00f3 un reporte que indicaba que en enero solo hubo cuatro reclamos. Sin embargo, en un cruce de datos habr\u00eda encontrado que hubo 21, con un monto que ascender\u00eda a m\u00e1s de 17 mil bolivianos y todav\u00eda investiga si se cumpli\u00f3 con el resarcimiento a los usuarios afectados.<\/p>\n\n\n\n<p class=\"wp-block-paragraph\">El presidente del Distrito 9, Cristian Ventura, se sum\u00f3 a los cuestionamientos a Setar y se\u00f1al\u00f3 que la empresa es \u201cun nido de corrupci\u00f3n\u201d. Adem\u00e1s de mencionar los reclamos por el aumento en las tarifas, se refiri\u00f3 al estudio para la nueva escala de tarifas.<\/p>\n\n\n\n<p class=\"wp-block-paragraph\">\u201cLamentablemente no ha dado respuestas hasta la fecha de muchas denuncias de los usuarios. Nosotros, como Distrito 9, hemos presentado una solicitud para pedir audiencia con el gerente y la gobernadora para que nos muestren lo que est\u00e1n haciendo en el proceso de construcci\u00f3n de la nueva escala tarifaria\u201d, declar\u00f3.<\/p>\n\n\n\n<p class=\"wp-block-paragraph\">Agreg\u00f3 que este martes podr\u00eda convocarse a una movilizaci\u00f3n para exigir una audiencia con la Gobernaci\u00f3n a fin de conocer los detalles de ese estudio.<\/p>\n\n\n\n<p class=\"wp-block-paragraph\">Finalmente, Delgado asever\u00f3 que desde la Asamblea Legislativa Departamental (ALD) podr\u00eda tramitarse una petici\u00f3n de informe a Setar.<\/p>\n","protected":false},"excerpt":{"rendered":"<p>Desde la bancada de Patria reclaman por resarcimiento para las personas afectadas y la dirigencia vecinal exige transparentar el nuevo estudio tarifario. En medio del anuncio de la Gobernaci\u00f3n de denunciar presuntos\u2026<\/p>\n","protected":false},"author":1,"featured_media":12106,"comment_status":"closed","ping_status":"closed","sticky":false,"template":"","format":"standard","meta":{"fifu_image_url":"","fifu_image_alt":"","footnotes":""},"categories":[23],"tags":[],"class_list":["post-12105","post","type-post","status-publish","format-standard","has-post-thumbnail","hentry","category-tarija"],"_links":{"self":[{"href":"https:\/\/stbnoticias.com\/index.php\/wp-json\/wp\/v2\/posts\/12105","targetHints":{"allow":["GET"]}}],"collection":[{"href":"https:\/\/stbnoticias.com\/index.php\/wp-json\/wp\/v2\/posts"}],"about":[{"href":"https:\/\/stbnoticias.com\/index.php\/wp-json\/wp\/v2\/types\/post"}],"author":[{"embeddable":true,"href":"https:\/\/stbnoticias.com\/index.php\/wp-json\/wp\/v2\/users\/1"}],"replies":[{"embeddable":true,"href":"https:\/\/stbnoticias.com\/index.php\/wp-json\/wp\/v2\/comments?post=12105"}],"version-history":[{"count":1,"href":"https:\/\/stbnoticias.com\/index.php\/wp-json\/wp\/v2\/posts\/12105\/revisions"}],"predecessor-version":[{"id":12107,"href":"https:\/\/stbnoticias.com\/index.php\/wp-json\/wp\/v2\/posts\/12105\/revisions\/12107"}],"wp:featuredmedia":[{"embeddable":true,"href":"https:\/\/stbnoticias.com\/index.php\/wp-json\/wp\/v2\/media\/12106"}],"wp:attachment":[{"href":"https:\/\/stbnoticias.com\/index.php\/wp-json\/wp\/v2\/media?parent=12105"}],"wp:term":[{"taxonomy":"category","embeddable":true,"href":"https:\/\/stbnoticias.com\/index.php\/wp-json\/wp\/v2\/categories?post=12105"},{"taxonomy":"post_tag","embeddable":true,"href":"https:\/\/stbnoticias.com\/index.php\/wp-json\/wp\/v2\/tags?post=12105"}],"curies":[{"name":"wp","href":"https:\/\/api.w.org\/{rel}","templated":true}]}}