{"id":12108,"date":"2026-09-01T19:44:00","date_gmt":"2026-09-01T23:44:00","guid":{"rendered":"https:\/\/stbnoticias.com\/index.php\/2026\/09\/01\/en-rechazo-al-decreto-sobre-diesel-sectores-anuncian-bloqueos-y-marchas-desde-manana\/"},"modified":"2026-09-01T19:44:00","modified_gmt":"2026-09-01T23:44:00","slug":"en-rechazo-al-decreto-sobre-diesel-sectores-anuncian-bloqueos-y-marchas-desde-manana","status":"publish","type":"post","link":"https:\/\/stbnoticias.com\/index.php\/2026\/09\/01\/en-rechazo-al-decreto-sobre-diesel-sectores-anuncian-bloqueos-y-marchas-desde-manana\/","title":{"rendered":"En rechazo al decreto sobre di\u00e9sel, sectores anuncian bloqueos y marchas desde ma\u00f1ana"},"content":{"rendered":"<figure class=\"wp-block-image\"><img decoding=\"async\" src=\"https:\/\/hub.idealabgroup.com\/public\/uploads\/img_b1643da36f794292ef521b6f0c0729e006bc686f.webp\" alt=\"En rechazo al decreto sobre di\u00e9sel, tres sectores anuncian bloqueos y marchas desde ma\u00f1ana\"\/><figcaption>En rechazo al decreto sobre di\u00e9sel, tres sectores anuncian bloqueos y marchas desde ma\u00f1ana<\/figcaption><\/figure>\n<p class=\"wp-block-paragraph\">El rechazo al Decreto Supremo 5676, que elev\u00f3 a Bs 18 el precio del di\u00e9sel para grandes consumidores, sigue generando protestas en distintas regiones del pa\u00eds. Dos sectores anunciaron bloqueos desde este mi\u00e9rcoles en Santa Cruz, mientras que para el viernes el evismo alista una marcha en Cochabamba. Otros sectores, por su parte, amenazan con \u00abvolver a las calles\u00bb si el conflicto por el precio del combustible no se resuelve pronto.<\/p>\n<p class=\"wp-block-paragraph\">Organizaciones sociales y el alcalde de San Juli\u00e1n anunciaron hace algunos d\u00edas que este mi\u00e9rcoles cumplir\u00e1n un bloqueo de carreteras de 24 horas. \u00abHemos tomado la determinaci\u00f3n: inicia el bloqueo este mi\u00e9rcoles, todo por el decreto 5676\u00bb, afirm\u00f3 Carlos Vaca, alcalde del municipio cruce\u00f1o.<\/p>\n<p class=\"wp-block-paragraph\">La medida fue definida tras un ampliado de sectores sociales de San Juli\u00e1n, donde se denunciaron afectaciones a los productores por la falta de di\u00e9sel. El sector exige la abrogaci\u00f3n del Decreto 5676. \u00abSer\u00e1 un bloqueo rel\u00e1mpago\u00bb, se\u00f1al\u00f3 una de sus representantes.<\/p>\n<p class=\"wp-block-paragraph\">De forma paralela, este martes la Federaci\u00f3n Sindical de Comunidades Interculturales Productores Agropecuarios \u00abCuatro Ca\u00f1adas\u00bb instruy\u00f3 a sus seis centrales y 36 comunidades afiliadas el bloqueo y cierre temporal de carreteras por 24 horas, a partir de las 00:00 del mi\u00e9rcoles. Seg\u00fan su comunicado, las bases deben \u00abcoordinar de manera inmediata con sus respectivas comunidades y organizaciones productivas el cumplimiento disciplinado de las determinaciones asumidas org\u00e1nicamente\u00bb, en el marco de una medida de presi\u00f3n que contempla el bloqueo y cierre temporal de las v\u00edas.<\/p>\n<p class=\"wp-block-paragraph\">Aunque no se dieron a conocer los puntos exactos de bloqueo, la federaci\u00f3n remarc\u00f3 que la protesta debe desarrollarse de manera pac\u00edfica: \u00abLa medida deber\u00e1 desarrollarse de manera organizada, pac\u00edfica y responsable, resguardando la integridad de las personas y evitando cualquier hecho de violencia o confrontaci\u00f3n\u00bb. Asimismo, pidi\u00f3 a las dirigencias de cada central mantener comunicaci\u00f3n permanente con la organizaci\u00f3n matriz para garantizar la coordinaci\u00f3n.<\/p>\n<p class=\"wp-block-paragraph\">El evismo, por su parte, anunci\u00f3 una marcha en la ciudad de Cochabamba para este viernes 4 de septiembre. La decisi\u00f3n se adopt\u00f3 tras una reuni\u00f3n en el tr\u00f3pico cochabambino, con la presencia de Evo Morales. Este sector tambi\u00e9n exige la abrogaci\u00f3n del decreto y se declar\u00f3 en \u00abestado de movilizaci\u00f3n permanente por pol\u00edticas econ\u00f3micas neoliberales del Gobierno\u00bb, seg\u00fan uno de sus dirigentes.<\/p>\n<p class=\"wp-block-paragraph\">Las protestas se desarrollan en medio del estado de excepci\u00f3n vigente en el pa\u00eds. La semana pasada, la Polic\u00eda intervino un bloqueo instalado por productores benianos en el puente San Pablo, sobre la ruta entre Santa Cruz y Beni, en rechazo al mismo decreto que fija en Bs 18 el precio del di\u00e9sel para grandes consumidores.<\/p>\n<p class=\"wp-block-paragraph\">Los choferes, otro sector que rechaza la norma, advirtieron que \u00abvolver\u00e1n a las calles\u00bb si el problema del di\u00e9sel no se soluciona en los pr\u00f3ximos d\u00edas. \u00abYa no podemos aguantar m\u00e1s; de nada sirvi\u00f3 el decreto 5676, lejos de descongestionar cre\u00f3 m\u00e1s filas y la comercializaci\u00f3n ilegal creci\u00f3 a\u00fan m\u00e1s. Si aqu\u00ed hay combustible, no hay por qu\u00e9 tener problemas. Nos ver\u00e1n en las calles porque la verdad ya no podemos aguantar m\u00e1s\u00bb, declar\u00f3 Lucio G\u00f3mez, m\u00e1ximo dirigente de la Confederaci\u00f3n de Choferes de Bolivia.<\/p>","protected":false},"excerpt":{"rendered":"<p>El rechazo al Decreto Supremo 5676, que elev\u00f3 a Bs 18 el precio del di\u00e9sel para grandes consumidores, sigue generando protestas en distintas regiones del pa\u00eds. Dos sectores anunciaron bloqueos desde este\u2026<\/p>\n","protected":false},"author":1,"featured_media":12109,"comment_status":"","ping_status":"","sticky":false,"template":"","format":"standard","meta":{"fifu_image_url":"https:\/\/hub.idealabgroup.com\/public\/uploads\/img_b1643da36f794292ef521b6f0c0729e006bc686f.webp","fifu_image_alt":"","footnotes":""},"categories":[43],"tags":[],"class_list":["post-12108","post","type-post","status-publish","format-standard","has-post-thumbnail","hentry","category-santa-cruz"],"_links":{"self":[{"href":"https:\/\/stbnoticias.com\/index.php\/wp-json\/wp\/v2\/posts\/12108","targetHints":{"allow":["GET"]}}],"collection":[{"href":"https:\/\/stbnoticias.com\/index.php\/wp-json\/wp\/v2\/posts"}],"about":[{"href":"https:\/\/stbnoticias.com\/index.php\/wp-json\/wp\/v2\/types\/post"}],"author":[{"embeddable":true,"href":"https:\/\/stbnoticias.com\/index.php\/wp-json\/wp\/v2\/users\/1"}],"replies":[{"embeddable":true,"href":"https:\/\/stbnoticias.com\/index.php\/wp-json\/wp\/v2\/comments?post=12108"}],"version-history":[{"count":0,"href":"https:\/\/stbnoticias.com\/index.php\/wp-json\/wp\/v2\/posts\/12108\/revisions"}],"wp:featuredmedia":[{"embeddable":true,"href":"https:\/\/stbnoticias.com\/index.php\/wp-json\/wp\/v2\/media\/12109"}],"wp:attachment":[{"href":"https:\/\/stbnoticias.com\/index.php\/wp-json\/wp\/v2\/media?parent=12108"}],"wp:term":[{"taxonomy":"category","embeddable":true,"href":"https:\/\/stbnoticias.com\/index.php\/wp-json\/wp\/v2\/categories?post=12108"},{"taxonomy":"post_tag","embeddable":true,"href":"https:\/\/stbnoticias.com\/index.php\/wp-json\/wp\/v2\/tags?post=12108"}],"curies":[{"name":"wp","href":"https:\/\/api.w.org\/{rel}","templated":true}]}}