{"id":12112,"date":"2026-09-03T21:16:00","date_gmt":"2026-09-04T01:16:00","guid":{"rendered":"https:\/\/stbnoticias.com\/index.php\/2026\/09\/03\/mi-teleferico-invertira-us-12-millones-para-conectar-la-linea-morada-con-el-aeropuerto-de-el-alto\/"},"modified":"2026-09-03T21:16:00","modified_gmt":"2026-09-04T01:16:00","slug":"mi-teleferico-invertira-us-12-millones-para-conectar-la-linea-morada-con-el-aeropuerto-de-el-alto","status":"publish","type":"post","link":"https:\/\/stbnoticias.com\/index.php\/2026\/09\/03\/mi-teleferico-invertira-us-12-millones-para-conectar-la-linea-morada-con-el-aeropuerto-de-el-alto\/","title":{"rendered":"Mi Telef\u00e9rico invertir\u00e1 $us 12 millones para conectar la L\u00ednea Morada con el aeropuerto de El Alto"},"content":{"rendered":"<figure class=\"wp-block-image\"><img decoding=\"async\" src=\"https:\/\/hub.idealabgroup.com\/public\/uploads\/img_80f6a4fe8678c3338329e7bba6d33ef9f7963341.webp\" alt=\"La l\u00ednea Morada en la ciudad de El Alto.&amp;nbsp;\"\/><figcaption>La l\u00ednea Morada en la ciudad de El Alto.&nbsp;<\/figcaption><\/figure>\n<p class=\"wp-block-paragraph\">Del cr\u00e9dito externo de $us 62 millones, la empresa de transporte por cable Mi Telef\u00e9rico invertir\u00e1 al menos $us 12 millones para la conexi\u00f3n de la L\u00ednea Morada con el Aeropuerto Internacional de El Alto mediante buses el\u00e9ctricos.<\/p>\n<p class=\"wp-block-paragraph\">Seg\u00fan el Ministerio de Obras P\u00fablicas, Servicios y Vivienda, el cr\u00e9dito de $us 62 millones, aprobado mediante la Ley 1759 y promulgado el pasado mes por el presidente Rodrigo Paz, ser\u00e1 destinado para la ejecuci\u00f3n tres proyectos de Mi Telef\u00e9rico.<\/p>\n<p class=\"wp-block-paragraph\">El primero, la ampliaci\u00f3n de la L\u00ednea Caf\u00e9 hasta Pampahasi; el segundo, la instalaci\u00f3n de paneles solares en las estaciones; y el tercero, la conexi\u00f3n de la L\u00ednea Morada con el Aeropuerto Internacional de El Alto.<\/p>\n<p class=\"wp-block-paragraph\">\u201cDel financiamiento, $us 40 millones ser\u00e1n destinados a la ampliaci\u00f3n de la L\u00ednea Caf\u00e9, $us 10 millones a la implementaci\u00f3n de paneles solares y el monto restante al proyecto de interconexi\u00f3n entre la estaci\u00f3n 6 de Marzo de la L\u00ednea Morada y la terminal de pasajeros del Aeropuerto Internacional de El Alto\u201d, detall\u00f3 esa cartera de Estado.<\/p>\n<p class=\"wp-block-paragraph\">Ya el 31 de julio de este a\u00f1o, el gerente general de Mi Telef\u00e9rico, Christian Eduardo, revel\u00f3 que est\u00e1 previsto interconectar la estaci\u00f3n 6 de Marzo de la L\u00ednea Morada de El Alto y la terminal de pasajeros del Aeropuerto Internacional de El Alto con buses el\u00e9ctricos.<\/p>\n<p class=\"wp-block-paragraph\">\u201cVamos a tener entre seis y ocho buses que est\u00e9n haciendo este servicio dedicado; o sea no va a ir por otras rutas, sino hay una ruta dedicada que va de la estaci\u00f3n 6 de Marzo de la L\u00ednea Morada hasta el aeropuerto internacional\u201d, remarc\u00f3.<\/p>\n<p class=\"wp-block-paragraph\">En tanto, la ampliaci\u00f3n de la L\u00ednea Caf\u00e9 llegar\u00e1 desde el Cruce de Villas hasta Pampahasi, con un recorrido adicional de 1,2 kil\u00f3metros. El proyecto contempla dos nuevas estaciones, 11 torres y 55 cabinas, con capacidad para transportar cerca de 2.400 usuarios por hora y sentido.<\/p>\n<p class=\"wp-block-paragraph\">La obra beneficiar\u00e1 a m\u00e1s de 135 mil habitantes del Macrodistrito San Antonio, entre ellos vecinos de Alto y Bajo Pampahasi, Samapa, Villa Copacabana, Villa San Antonio, Kupini, Callapa y San Isidro.<\/p>\n<p class=\"wp-block-paragraph\">Uno de los principales cambios estar\u00e1 en el tiempo de traslado. El recorrido entre Pampahasi y la avenida Busch en la zona de Miraflores se reducir\u00e1 de aproximadamente 30 a ocho minutos, facilitando la conexi\u00f3n de los vecinos con otros puntos de la ciudad.<\/p>\n<p class=\"wp-block-paragraph\">Asimismo, se proyecta disponer de aproximadamente 10.500 paneles solares en las cubiertas de las estaciones de Mi Telef\u00e9rico, lo cual permitir\u00e1 ahorrar el consumo de energ\u00eda el\u00e9ctrica de la empresa y aumentar la cantidad de transporte de pasajeros a futuro, a\u00f1adi\u00f3 el gerente general de la estatal.<\/p>\n<p class=\"wp-block-paragraph\">La Ley 1759 autoriza el contrato de pr\u00e9stamo suscrito entre el Estado boliviano y el Banco Interamericano de Desarrollo para la ejecuci\u00f3n del \u201cPrograma de Ampliaci\u00f3n de la Red de Mi Telef\u00e9rico para una Movilidad El\u00e9ctrica Sostenible e Inclusiva para La Paz\u201d.<\/p>","protected":false},"excerpt":{"rendered":"<p>Del cr\u00e9dito externo de $us 62 millones, la empresa de transporte por cable Mi Telef\u00e9rico invertir\u00e1 al menos $us 12 millones para la conexi\u00f3n de la L\u00ednea Morada con el Aeropuerto Internacional\u2026<\/p>\n","protected":false},"author":1,"featured_media":12113,"comment_status":"","ping_status":"","sticky":false,"template":"","format":"standard","meta":{"fifu_image_url":"https:\/\/hub.idealabgroup.com\/public\/uploads\/img_80f6a4fe8678c3338329e7bba6d33ef9f7963341.webp","fifu_image_alt":"","footnotes":""},"categories":[35],"tags":[],"class_list":["post-12112","post","type-post","status-publish","format-standard","has-post-thumbnail","hentry","category-la-paz"],"_links":{"self":[{"href":"https:\/\/stbnoticias.com\/index.php\/wp-json\/wp\/v2\/posts\/12112","targetHints":{"allow":["GET"]}}],"collection":[{"href":"https:\/\/stbnoticias.com\/index.php\/wp-json\/wp\/v2\/posts"}],"about":[{"href":"https:\/\/stbnoticias.com\/index.php\/wp-json\/wp\/v2\/types\/post"}],"author":[{"embeddable":true,"href":"https:\/\/stbnoticias.com\/index.php\/wp-json\/wp\/v2\/users\/1"}],"replies":[{"embeddable":true,"href":"https:\/\/stbnoticias.com\/index.php\/wp-json\/wp\/v2\/comments?post=12112"}],"version-history":[{"count":0,"href":"https:\/\/stbnoticias.com\/index.php\/wp-json\/wp\/v2\/posts\/12112\/revisions"}],"wp:featuredmedia":[{"embeddable":true,"href":"https:\/\/stbnoticias.com\/index.php\/wp-json\/wp\/v2\/media\/12113"}],"wp:attachment":[{"href":"https:\/\/stbnoticias.com\/index.php\/wp-json\/wp\/v2\/media?parent=12112"}],"wp:term":[{"taxonomy":"category","embeddable":true,"href":"https:\/\/stbnoticias.com\/index.php\/wp-json\/wp\/v2\/categories?post=12112"},{"taxonomy":"post_tag","embeddable":true,"href":"https:\/\/stbnoticias.com\/index.php\/wp-json\/wp\/v2\/tags?post=12112"}],"curies":[{"name":"wp","href":"https:\/\/api.w.org\/{rel}","templated":true}]}}